{"id":6200,"date":"2019-11-19T22:12:16","date_gmt":"2019-11-19T21:12:16","guid":{"rendered":"http:\/\/www.atletismogana.com\/wpgana\/?p=6200"},"modified":"2021-12-08T00:33:19","modified_gmt":"2021-12-08T00:33:19","slug":"carrera-del-telefono-de-la-esperanza-2","status":"publish","type":"post","link":"https:\/\/atletismogana.es\/?p=6200","title":{"rendered":"Carrera del Tel\u00e9fono de la Esperanza"},"content":{"rendered":"\n<p>Este domingo se celebr\u00f3 la 3\u00aa edici\u00f3n de la carrera solidaria en favor del Tel\u00e9fono de la Esperanza con las distancias de 5 y 10 kil\u00f3metros.<\/p>\n\n\n\n<p>En la carrera de 5k nuestra atleta <strong>\u00c1ngela Bernardini<\/strong> entr\u00f3 en tercera posici\u00f3n. Enhorabuena.<\/p>\n\n\n\n<p>Clasificaci\u00f3n 5k masculina  (<a href=\"https:\/\/rockthesportv2.blob.core.windows.net\/clasificaciondocumento\/243318ca-6e5f-426b-9dc2-dd0be82b508a.pdf\" target=\"_blank\" rel=\"noreferrer noopener\" aria-label=\"Resultados Completos (opens in a new tab)\">Resultados Completos<\/a>) :<\/p>\n\n\n\n<ul class=\"wp-block-list\"><li>Mikel Arma\u00f1anzas (16:31)<\/li><li>Alberto Azparren (16:33)<\/li><li>Iraitz Senar (16:38)<\/li><\/ul>\n\n\n\n<p>Clasificaci\u00f3n 5k femenina (<a href=\"https:\/\/rockthesportv2.blob.core.windows.net\/clasificaciondocumento\/906bde92-10e6-46bf-88f1-5d1c82b8cdbd.pdf\" target=\"_blank\" rel=\"noreferrer noopener\" aria-label=\"Resultados Completos (opens in a new tab)\">Resultados Completos<\/a>):<\/p>\n\n\n\n<ul class=\"wp-block-list\"><li>Niobe Arregui (20:20)<\/li><li>Eva Porras (20:30)<\/li><li><strong>\u00c1ngela Bernardini<\/strong> (21:29)<\/li><\/ul>\n\n\n\n<p>Clasificaci\u00f3n 10k masculina  (<a href=\"https:\/\/rockthesportv2.blob.core.windows.net\/clasificaciondocumento\/1bbba46b-c5ae-424e-b3b8-4daf46439b3e.pdf\" target=\"_blank\" rel=\"noreferrer noopener\" aria-label=\"Resultados Completos (opens in a new tab)\">Resultados Completos<\/a>) :<\/p>\n\n\n\n<ul class=\"wp-block-list\"><li>Alberto Rodriguez (33:59)<\/li><li>Roberto Tanco (34:27)<\/li><li>Alfonso Serrano (34:31)<\/li><\/ul>\n\n\n\n<p>Clasificaci\u00f3n 10k femenina  (<a href=\"https:\/\/rockthesportv2.blob.core.windows.net\/clasificaciondocumento\/d35b073f-e8f4-485a-8c5b-f9f53d128b3e.pdf\" target=\"_blank\" rel=\"noreferrer noopener\" aria-label=\"Resultados Completos (opens in a new tab)\">Resultados Completos<\/a>) :<\/p>\n\n\n\n<ul class=\"wp-block-list\"><li>Amaia Melero (39:35)<\/li><li>Maite Berega\u00f1a (40:02)<\/li><li>Rebeca Rowena (42:31)<\/li><\/ul>\n\n\n\n<div class=\"wp-block-image\"><figure class=\"aligncenter is-resized\"><a href=\"https:\/\/atletismogana.es\/wp-content\/uploads\/2019\/11\/WhatsApp-Image-2019-11-17-at-12.23.24.jpeg\"><img loading=\"lazy\" decoding=\"async\" src=\"https:\/\/atletismogana.es\/wp-content\/uploads\/2019\/11\/WhatsApp-Image-2019-11-17-at-12.23.24-1024x576.jpeg\" alt=\"\" class=\"wp-image-6195\" width=\"512\" height=\"288\" srcset=\"https:\/\/atletismogana.es\/wp-content\/uploads\/2019\/11\/WhatsApp-Image-2019-11-17-at-12.23.24-1024x576.jpeg 1024w, https:\/\/atletismogana.es\/wp-content\/uploads\/2019\/11\/WhatsApp-Image-2019-11-17-at-12.23.24-300x169.jpeg 300w, https:\/\/atletismogana.es\/wp-content\/uploads\/2019\/11\/WhatsApp-Image-2019-11-17-at-12.23.24-768x432.jpeg 768w, https:\/\/atletismogana.es\/wp-content\/uploads\/2019\/11\/WhatsApp-Image-2019-11-17-at-12.23.24-1536x864.jpeg 1536w, https:\/\/atletismogana.es\/wp-content\/uploads\/2019\/11\/WhatsApp-Image-2019-11-17-at-12.23.24.jpeg 2048w\" sizes=\"auto, (max-width: 512px) 100vw, 512px\" \/><\/a><\/figure><\/div>\n","protected":false},"excerpt":{"rendered":"<p>Este domingo se celebr\u00f3 la 3\u00aa edici\u00f3n de la carrera solidaria en favor del Tel\u00e9fono de la Esperanza con las distancias de 5 y 10 kil\u00f3metros. En la carrera de 5k nuestra atleta \u00c1ngela Bernardini entr\u00f3 en tercera posici\u00f3n. Enhorabuena. Clasificaci\u00f3n 5k masculina (Resultados Completos) : Mikel Arma\u00f1anzas (16:31) Alberto Azparren (16:33) Iraitz Senar (16:38) [&hellip;]<\/p>\n","protected":false},"author":1,"featured_media":0,"comment_status":"closed","ping_status":"closed","sticky":false,"template":"","format":"standard","meta":{"footnotes":""},"categories":[115],"tags":[],"class_list":["post-6200","post","type-post","status-publish","format-standard","hentry","category-archivo"],"_links":{"self":[{"href":"https:\/\/atletismogana.es\/index.php?rest_route=\/wp\/v2\/posts\/6200","targetHints":{"allow":["GET"]}}],"collection":[{"href":"https:\/\/atletismogana.es\/index.php?rest_route=\/wp\/v2\/posts"}],"about":[{"href":"https:\/\/atletismogana.es\/index.php?rest_route=\/wp\/v2\/types\/post"}],"author":[{"embeddable":true,"href":"https:\/\/atletismogana.es\/index.php?rest_route=\/wp\/v2\/users\/1"}],"replies":[{"embeddable":true,"href":"https:\/\/atletismogana.es\/index.php?rest_route=%2Fwp%2Fv2%2Fcomments&post=6200"}],"version-history":[{"count":3,"href":"https:\/\/atletismogana.es\/index.php?rest_route=\/wp\/v2\/posts\/6200\/revisions"}],"predecessor-version":[{"id":8889,"href":"https:\/\/atletismogana.es\/index.php?rest_route=\/wp\/v2\/posts\/6200\/revisions\/8889"}],"wp:attachment":[{"href":"https:\/\/atletismogana.es\/index.php?rest_route=%2Fwp%2Fv2%2Fmedia&parent=6200"}],"wp:term":[{"taxonomy":"category","embeddable":true,"href":"https:\/\/atletismogana.es\/index.php?rest_route=%2Fwp%2Fv2%2Fcategories&post=6200"},{"taxonomy":"post_tag","embeddable":true,"href":"https:\/\/atletismogana.es\/index.php?rest_route=%2Fwp%2Fv2%2Ftags&post=6200"}],"curies":[{"name":"wp","href":"https:\/\/api.w.org\/{rel}","templated":true}]}}